[{"@context":"https:\/\/schema.org\/","@type":"Article","@id":"https:\/\/www.kapeska.cz\/vraceni-dph-z-evropske-unie\/#Article","mainEntityOfPage":"https:\/\/www.kapeska.cz\/vraceni-dph-z-evropske-unie\/","headline":"Vr\u00e1cen\u00ed DPH z Evropsk\u00e9 unie","name":"Vr\u00e1cen\u00ed DPH z Evropsk\u00e9 unie","description":"Podnik\u00e1te, a platili jste DPH v jednom z \u010dlensk\u00fdch st\u00e1tu Evropsk\u00e9 unie? P\u0159esto o zaplacenou da\u0148 nemus\u00edte p\u0159ij\u00edt. Bohu\u017eel takov\u00fd v\u00fddaj nelze uplatnit v na\u0161em&hellip; ","datePublished":"2020-09-15","dateModified":"2023-05-05","author":{"@type":"Person","@id":"https:\/\/www.kapeska.cz\/author\/devene\/#Person","name":"devene","url":"https:\/\/www.kapeska.cz\/author\/devene\/","identifier":1,"image":{"@type":"ImageObject","@id":"https:\/\/secure.gravatar.com\/avatar\/e4532b7f65738965bbad8697e5bd54c0628af7bffe8d3c856885c44d86978cee?s=96&d=mm&r=g","url":"https:\/\/secure.gravatar.com\/avatar\/e4532b7f65738965bbad8697e5bd54c0628af7bffe8d3c856885c44d86978cee?s=96&d=mm&r=g","height":96,"width":96}},"publisher":{"@type":"Organization","name":"kapeska.cz","logo":{"@type":"ImageObject","@id":"\/logo.png","url":"\/logo.png","width":600,"height":60}},"image":{"@type":"ImageObject","@id":"https:\/\/www.kapeska.cz\/wp-content\/uploads\/img_a295949_w2120_t1507301277.jpg","url":"https:\/\/www.kapeska.cz\/wp-content\/uploads\/img_a295949_w2120_t1507301277.jpg","height":0,"width":0},"url":"https:\/\/www.kapeska.cz\/vraceni-dph-z-evropske-unie\/","about":["Business"],"wordCount":441,"articleBody":"Podnik\u00e1te, a platili jste DPH v jednom z \u010dlensk\u00fdch st\u00e1tu Evropsk\u00e9 unie? P\u0159esto o zaplacenou da\u0148 nemus\u00edte p\u0159ij\u00edt. Bohu\u017eel takov\u00fd v\u00fddaj nelze uplatnit v na\u0161em \u010desk\u00e9m da\u0148ov\u00e9m p\u0159izn\u00e1n\u00ed, ale nyn\u00ed m\u00e1te mo\u017enost, z\u00edskat sv\u00e9 pen\u00edze zp\u011bt. Jedin\u00fd probl\u00e9m, kter\u00fd v\u00e1m m\u016f\u017ee st\u00e1t v cest\u011b, je jako v\u017edy \u010das. Proto\u017ee pokud tak neu\u010din\u00edte do 2. \u0159\u00edjna 2017 bude va\u0161e \u0161ance na z\u00edsk\u00e1n\u00ed pen\u011bz nen\u00e1vratn\u011b pry\u010d. Z\u00e1kladn\u00edm p\u0159edpokladem pro vr\u00e1cen\u00ed DPH ze zahrani\u010d\u00ed je stav va\u0161ich \u00fa\u010dt\u016f dokazuj\u00edc\u00edch zaplacen\u00ed DPH, kter\u00e9 se ke ka\u017ed\u00e9 \u017e\u00e1dosti dokl\u00e1daj\u00ed.  zde jsou dal\u0161\u00ed p\u0159edpoklady : &#8211; Podnikatel je registrov\u00e1n jako pl\u00e1tce DPH v \u010cesk\u00e9 Republice v obdob\u00ed za kter\u00e9 \u017e\u00e1d\u00e1 &#8211; M\u00e1 s\u00eddlo nebo provozovnu v tuzemsku -Nejedn\u00e1 se o pln\u011bn\u00ed osvobozen\u00ed od dan\u011b bez n\u00e1roku na odpo\u010det Jak na to ? 1) Registrac\u00ed do syst\u00e9mu vr\u00e1cen\u00ed DPH 2) Pod\u00e1n\u00edm elektronick\u00e9 \u017e\u00e1dosti na str\u00e1nk\u00e1ch \u010cesk\u00e9 finan\u010dn\u00ed spr\u00e1vy Kdo nen\u00ed zaregistrovan\u00fd na str\u00e1nk\u00e1ch \u010cesk\u00e9 finan\u010dn\u00ed spr\u00e1vy, by m\u011bl m\u00edt opravdu na sp\u011bch, proto\u017ee registrace m\u016f\u017ee trvat zpravidla a\u017e 15 dn\u00ed.  Jak postupovat pokud jsem DPH platil ve v\u00edce zem\u00edch ? &#8211; Je pot\u0159eba pos\u00edlat \u017e\u00e1dosti zvl\u00e1\u0161\u0165, co\u017e znamen\u00e1 \u017ee firmu nebo podnikatele \u010dek\u00e1 mnohem v\u00edce pr\u00e1ce, po odesl\u00e1n\u00ed \u017e\u00e1dost\u00ed je pot\u0159eba jen \u010dekat na vyrozum\u011bn\u00ed dan\u00e9ho st\u00e1tu v jejich \u00fa\u0159edn\u00edm jazyce zda byly spln\u011bny podm\u00ednky. DPH se p\u0159\u00edpadn\u011b vrac\u00ed v m\u011bn\u011b ur\u010dit\u00e9ho st\u00e1tu. Co d\u011blat pokud s\u00e1m nejsem schopen nebo nem\u00e1m \u010das vr\u00e1cen\u00ed dan\u011b vy\u0159\u00eddit ? &#8211; Pot\u00e9 je mnohem jednodu\u0161\u00ed mo\u017enost, ne\u017e se tr\u00e1pit velice komplikovan\u00fdch postupem a to p\u0159ed\u00e1n\u00ed \u017e\u00e1dosti k vy\u0159e\u0161en\u00ed odborn\u00edk\u016fm, kte\u0159\u00ed v\u00e1m ov\u0161em za dob\u0159e odvedenou pr\u00e1ci na\u00fa\u010dtuj\u00ed minim\u00e1ln\u011b dva tis\u00edce korun. Na \u017e\u00e1dn\u00e9 \u017e\u00e1dosti nesm\u00ed chyb\u011bt elektronick\u00fd podpis \u017eadatele. Postup je takov\u00fd, \u017ee finan\u010dn\u00ed \u00fa\u0159ad \u017e\u00e1dost zpracuje nejpozd\u011bji do 15-ti pracovn\u00edch dn\u016f. O \u00dasp\u011b\u0161nosti budete ov\u0161em informov\u00e1ni dan\u00fdm st\u00e1tem zhruba do doby 3 m\u011bs\u00edc\u016f od pod\u00e1n\u00ed \u017e\u00e1dosti. Dle v\u00fd\u0161e vr\u00e1cen\u00e9ho DPH z\u00e1le\u017e\u00ed na ka\u017ed\u00e9m jednotlivci aby zv\u00e1\u017eil, zda se mu vyplat\u00ed o vr\u00e1cen\u00ed DPH ze zahrani\u010d\u00ed \u017e\u00e1dat samotn\u00e9mu, nebo jej sv\u011b\u0159it kvalifikovan\u00fdm odborn\u00edk\u016fm.                                                                                                                                                                                                                                                                                                                                                                                         4.1\/5 - (10 votes)        "},{"@context":"https:\/\/schema.org\/","@type":"BreadcrumbList","itemListElement":[{"@type":"ListItem","position":1,"name":"Vr\u00e1cen\u00ed DPH z Evropsk\u00e9 unie","item":"https:\/\/www.kapeska.cz\/vraceni-dph-z-evropske-unie\/#breadcrumbitem"}]}]