[{"@context":"https:\/\/schema.org\/","@type":"Article","@id":"https:\/\/www.kapeska.cz\/umela-krasa\/#Article","mainEntityOfPage":"https:\/\/www.kapeska.cz\/umela-krasa\/","headline":"Um\u011bl\u00e1 kr\u00e1sa","name":"Um\u011bl\u00e1 kr\u00e1sa","description":"Znamen\u00e1 kr\u00e1sa pro v\u00e1s hodn\u011b? Pro mnoho lid\u00ed je kr\u00e1sa opravdu hodn\u011b d\u016fle\u017eit\u00e1. A n\u011bkter\u00e9 \u017eeny jsou schopn\u00e9 ud\u011blat pro kr\u00e1su v\u00e1\u017en\u011b cokoliv. J\u00e1 tedy&hellip; ","datePublished":"2024-01-11","dateModified":"2024-01-11","author":{"@type":"Person","@id":"https:\/\/www.kapeska.cz\/author\/devene\/#Person","name":"devene","url":"https:\/\/www.kapeska.cz\/author\/devene\/","identifier":1,"image":{"@type":"ImageObject","@id":"https:\/\/secure.gravatar.com\/avatar\/e4532b7f65738965bbad8697e5bd54c0628af7bffe8d3c856885c44d86978cee?s=96&d=mm&r=g","url":"https:\/\/secure.gravatar.com\/avatar\/e4532b7f65738965bbad8697e5bd54c0628af7bffe8d3c856885c44d86978cee?s=96&d=mm&r=g","height":96,"width":96}},"publisher":{"@type":"Organization","name":"kapeska.cz","logo":{"@type":"ImageObject","@id":"\/logo.png","url":"\/logo.png","width":600,"height":60}},"image":{"@type":"ImageObject","@id":"https:\/\/www.kapeska.cz\/wp-content\/uploads\/makeup-2983550_960_720_1.jpg","url":"https:\/\/www.kapeska.cz\/wp-content\/uploads\/makeup-2983550_960_720_1.jpg","height":0,"width":0},"url":"https:\/\/www.kapeska.cz\/umela-krasa\/","about":["Kr\u00e1sa"],"wordCount":445,"articleBody":"Znamen\u00e1 kr\u00e1sa pro v\u00e1s hodn\u011b? Pro mnoho lid\u00ed je kr\u00e1sa opravdu hodn\u011b d\u016fle\u017eit\u00e1. A n\u011bkter\u00e9 \u017eeny jsou schopn\u00e9 ud\u011blat pro kr\u00e1su v\u00e1\u017en\u011b cokoliv. J\u00e1 tedy nev\u00edm, co bych dok\u00e1zala ud\u011blat pro kr\u00e1su. Mo\u017en\u00e1 tak\u00e9 bych \u0161la na n\u011bjakou plastickou operaci. To je pr\u00fd v posledn\u00ed dob\u011b velice modern\u00ed. Nev\u00edm, co je na tom tak obl\u00edben\u00e9ho anebo modern\u00edho. \u017de ka\u017ed\u00fd chce m\u00edt n\u011bjakou plastickou operaci zn\u00e1m n\u011bkter\u00e9 lidi, a to v\u011bt\u0161inou z televize, kter\u00e9 jsou z\u00e1visl\u00e9 na plastick\u00fdch operac\u00edch. Cht\u011bj\u00ed m\u00edt st\u00e1le n\u011bjakou plastickou operaci. Potom u\u017e jsou tady takov\u00e9 lid\u00e9, kte\u0159\u00ed nemaj\u00ed ur\u010dit\u00e9 pohlav\u00ed. N\u011bkdo se chce st\u00e1t \u017eenou a n\u011bkdo se chce st\u00e1t m\u016f\u017ee. Jak se k tomuhle stav\u00edte vy? J\u00e1 si mysl\u00edm, \u017ee je to takov\u00fd docela probl\u00e9m dne\u0161n\u00ed spole\u010dnosti. Sice tohle neodsuzuji a nic proti tomu nem\u00e1m. Ale sp\u00ed\u0161e mi to p\u0159ijde takov\u00e9 divn\u00e9. Nezn\u00e1m nikoho osobn\u011b. Takov\u00e9ho \u010dlov\u011bka, kter\u00fd se oslovuje ve st\u0159edn\u00edm rod\u011b, tak takov\u00e9ho na\u0161t\u011bst\u00ed v\u016fbec nezn\u00e1m. Ne \u017ee bych proti tomu n\u011bco m\u011bla, ale sp\u00ed\u0161e bych se asi sm\u00e1la. J\u00e1 v\u00edm, \u017ee tohle s kr\u00e1sou nem\u00e1\u00a0v\u016fbec nic spole\u010dn\u00e9ho. Ale dokonce u\u017e i p\u00e1nov\u00e9 si nech\u00e1vaj\u00ed do rtu st\u0159\u00edhat n\u011bjakou v\u00fdpl\u0148. Ch\u00e1pu, \u017ee t\u0159eba kdy\u017e cht\u011bj\u00ed m\u00edt hlad\u0161\u00ed ple\u0165 a necht\u011bj\u00ed m\u00edt vr\u00e1sky, tak ch\u00e1pu, \u017ee si t\u0159eba naj\u00edt n\u011bjakou v\u00fdpl\u0148. Tohle ch\u00e1pu a d\u011blaj\u00ed to jak \u017eeny, tak i mu\u017ei. Jenom\u017ee kdy\u017e to p\u00e1nov\u00e9 p\u0159e\u017eenou, tak potom vypadaj\u00ed jako voskov\u00e9 figur\u00edny. A tohle se mi u\u017e pak v\u016fbec nel\u00edb\u00ed. V\u00edte, jak\u00fd typ mu\u017e\u016f se mi l\u00edb\u00ed? \u00dapln\u011b takov\u00fd typick\u00fd mu\u017e. Chlupat\u00fd vysok\u00fd a klidn\u011b i opl\u00e1can\u00fd, hlavn\u011b kdy\u017e m\u00e1 vousy. Ne dlouh\u00e9 vousy, ale takov\u00e9 st\u0159edn\u011b dlouh\u00e9 vousy. M\u011b to p\u0159ijde takov\u00e9 opravdu hodn\u011b mu\u017en\u00e9 nem\u00e1m r\u00e1da mal\u00e9 a huben\u00e9 mu\u017ee. Ani hladk\u00e9 mu\u017ee? Tady jde vid\u011bt, \u017ee ka\u017ed\u00fd \u010dlov\u011bk m\u00e1 sv\u00e9 preference, ka\u017ed\u00fd \u010dlov\u011bk m\u00e1 sv\u016fj vkus. A j\u00e1 m\u00e1m perfektn\u00ed vkusn\u00e1 \u00fapln\u011b oby\u010dejn\u00e9 norm\u00e1ln\u00ed mu\u017ee. Kdybych t\u0159eba potkala n\u011bjak\u00e9ho mu\u017ee, kter\u00fd m\u00e1 p\u0159epln\u011bn\u00e9 rty anebo um\u011bl\u00e9 svaly, tak bych tam musel sm\u00e1t.\u00a0                                                                                                                                                                                                                                                                                                                                                                                        3\/5 - (6 votes)        "},{"@context":"https:\/\/schema.org\/","@type":"BreadcrumbList","itemListElement":[{"@type":"ListItem","position":1,"name":"Um\u011bl\u00e1 kr\u00e1sa","item":"https:\/\/www.kapeska.cz\/umela-krasa\/#breadcrumbitem"}]}]