[{"@context":"https:\/\/schema.org\/","@type":"Article","@id":"https:\/\/www.kapeska.cz\/ted-budeme-pro-zmenu-letat\/#Article","mainEntityOfPage":"https:\/\/www.kapeska.cz\/ted-budeme-pro-zmenu-letat\/","headline":"Te\u010f budeme pro zm\u011bnu l\u00e9tat","name":"Te\u010f budeme pro zm\u011bnu l\u00e9tat","description":"Jiho\u010de\u0161i nejsou v\u00a0r\u00e1mci \u010cesk\u00e9 republiky \u017e\u00e1dnou v\u00fdjimkou, a proto se i t\u011bmto v\u00a0minulosti naslibovalo u\u017e tolik, \u017ee i kdyby se splnil pouh\u00fd nepatrn\u00fd zlomek z\u00a0t\u011bchto&hellip; ","datePublished":"2022-07-13","dateModified":"2023-05-05","author":{"@type":"Person","@id":"https:\/\/www.kapeska.cz\/author\/devene\/#Person","name":"devene","url":"https:\/\/www.kapeska.cz\/author\/devene\/","identifier":1,"image":{"@type":"ImageObject","@id":"https:\/\/secure.gravatar.com\/avatar\/e4532b7f65738965bbad8697e5bd54c0628af7bffe8d3c856885c44d86978cee?s=96&d=mm&r=g","url":"https:\/\/secure.gravatar.com\/avatar\/e4532b7f65738965bbad8697e5bd54c0628af7bffe8d3c856885c44d86978cee?s=96&d=mm&r=g","height":96,"width":96}},"publisher":{"@type":"Organization","name":"kapeska.cz","logo":{"@type":"ImageObject","@id":"\/logo.png","url":"\/logo.png","width":600,"height":60}},"image":{"@type":"ImageObject","@id":"https:\/\/www.kapeska.cz\/wp-content\/uploads\/kreslen%C3%A9%20letadlo_1.png","url":"https:\/\/www.kapeska.cz\/wp-content\/uploads\/kreslen%C3%A9%20letadlo_1.png","height":0,"width":0},"url":"https:\/\/www.kapeska.cz\/ted-budeme-pro-zmenu-letat\/","about":["Cestov\u00e1n\u00ed"],"wordCount":460,"articleBody":"Jiho\u010de\u0161i nejsou v\u00a0r\u00e1mci \u010cesk\u00e9 republiky \u017e\u00e1dnou v\u00fdjimkou, a proto se i t\u011bmto v\u00a0minulosti naslibovalo u\u017e tolik, \u017ee i kdyby se splnil pouh\u00fd nepatrn\u00fd zlomek z\u00a0t\u011bchto slib\u016f, byl by tu r\u00e1j. Vzpome\u0148me t\u0159eba je na to, jak se tu slibovalo, \u017ee a\u017e se dostav\u00ed Temel\u00edn, budou m\u00edt Jiho\u010de\u0161i za to, \u017ee ho tu akceptuj\u00ed, levn\u011bj\u0161\u00ed elekt\u0159inu ne\u017e ostatn\u00ed na\u0161inci. A stalo se tak? Samoz\u0159ejm\u011b, \u017ee ne. Dopadlo to stejn\u011b jako t\u0159eba aquapark, kter\u00fd tu v\u00a0u\u017e d\u00e1vno prob\u011bhl\u00fdch volb\u00e1ch sl\u00edbilo postavit ANO. A co zbylo z\u00a0cel\u00e9ho aquaparku? Jen volebn\u00ed bilboard, kter\u00fd tento nespln\u011bn\u00fd slib p\u0159ipom\u00edn\u00e1 dodnes na autobusov\u00e9m n\u00e1dra\u017e\u00ed. Nebo se tu slibovalo, \u017ee se postav\u00ed obchvat kolem m\u011bsta, ze kter\u00e9ho je\u0161t\u011b dlouho nic nebude, i kdy\u017e se slibuje, \u017ee\u2026Net\u0159eba pokra\u010dovat. Sta\u010d\u00ed jen konstatovat, \u017ee tu byly tradi\u010dn\u011b p\u0159esn\u011b v\u00a0duchu lidov\u00e9 moudrosti sliby \u2013 chyby. A podle toho tak\u00e9 sm\u00fd\u0161l\u00edm o v\u0161ech dal\u0161\u00edch slibech, jimi\u017e jsou Jiho\u010de\u0161i mas\u00edrov\u00e1ni. A jim\u017e u\u017e se navzdory touze tomu v\u011b\u0159it nev\u011b\u0159\u00ed.Vezm\u011bme si t\u0159eba ten nejnov\u011bj\u0161\u00ed jen velice kr\u00e1tce existuj\u00edc\u00ed slib jiho\u010desk\u00e9ho hejtmana Kuby, \u017ee se m\u00e1 do dvou let l\u00e9tat na dovolenou u\u017e i z\u00a0\u010cesk\u00fdch Bud\u011bjovic. U\u017e v\u00a0roce 2024 by se pr\u00fd m\u011blo l\u00e9tat z\u00a0leti\u0161t\u011b v\u00a0Plan\u00e9 u \u010cesk\u00fdch Bud\u011bjovic na dovolenou, pot\u00e9, co se do p\u016fvodn\u011b vojensk\u00e9ho leti\u0161t\u011b nastrkaly stovky milion\u016f korun. Leti\u0161t\u011b pr\u00fd te\u010f bude p\u0159evzato \u0158\u00edzen\u00edm letov\u00e9ho provozu a t\u00edm p\u00e1dem tu pr\u00fd budou moci u\u017e na konci p\u0159\u00ed\u0161t\u00edho roku p\u0159ist\u00e1vat mezin\u00e1rodn\u00ed letadla za ka\u017ed\u00e9ho po\u010das\u00ed, a to v\u00a0po\u010dtu a\u017e osmi v\u011bt\u0161\u00edch letadel denn\u011b.Ov\u0161em sou\u010dasn\u011b dod\u00e1v\u00e1 hejtman, \u017ee m\u00e1 o provozov\u00e1n\u00ed leti\u0161t\u011b z\u00e1jem pouze jedin\u00e1, a to brn\u011bnsk\u00e1 firma, a kdo v\u00ed, objev\u00ed-li se je\u0161t\u011b n\u011bkdo jin\u00fd. A v\u00a0budoucnu by tu m\u011bl b\u00fdt \u0159\u00edzen provoz ze vzd\u00e1len\u00e9 v\u011b\u017ee, pro zm\u011bnu snad z\u00a0Ostravy.A co si mysl\u00edte vy? V\u011b\u0159\u00edte, \u017ee odsud polet\u00edm u\u017e za dva roky kamkoliv na dovolenou? J\u00e1 se s\u00e1z\u00edm, \u017ee ne. A ne proto, \u017ee bych o to nest\u00e1l. Ale \u017ee by se tu v\u00a0konkurenci jin\u00fdch okoln\u00edch leti\u0161\u0165 u\u017eivilo je\u0161t\u011b toto? Kter\u00e9 t\u0159eba zaznamenalo loni 7281vzlet\u016f a p\u0159ist\u00e1n\u00ed a prod\u011blalo na tom skoro t\u0159i miliony?                                                                                                                                                                                                                                                                                                                                                                                        4.2\/5 - (8 votes)        "},{"@context":"https:\/\/schema.org\/","@type":"BreadcrumbList","itemListElement":[{"@type":"ListItem","position":1,"name":"Te\u010f budeme pro zm\u011bnu l\u00e9tat","item":"https:\/\/www.kapeska.cz\/ted-budeme-pro-zmenu-letat\/#breadcrumbitem"}]}]