[{"@context":"https:\/\/schema.org\/","@type":"Blog","@id":"https:\/\/www.kapeska.cz#Blog","headline":"Kapeska","description":"\nTou\u017e\u00edte-li naj\u00edt internetovou str\u00e1nku, kter\u00e1 by v\u00e1m prokazovala v\u00fdhradn\u011b ty nejlep\u0161\u00ed slu\u017eby, pak jste ji z\u0159ejm\u011b pr\u00e1v\u011b te\u010f a pr\u00e1v\u011b tady objevili.","url":"https:\/\/www.kapeska.cz","hasPart":[{"@type":"Article","@id":"https:\/\/www.kapeska.cz\/muzi-v-kuklach\/","headline":"Mu\u017ei v kukl\u00e1ch","url":"https:\/\/www.kapeska.cz\/muzi-v-kuklach\/","datePublished":"2025-03-06","dateModified":"2023-05-05","mainEntityOfPage":"https:\/\/www.kapeska.cz\/muzi-v-kuklach\/","author":{"@type":"Person","@id":"https:\/\/www.kapeska.cz\/author\/devene\/#Person","name":"devene","url":"https:\/\/www.kapeska.cz\/author\/devene\/","identifier":1,"image":{"@type":"ImageObject","@id":"https:\/\/secure.gravatar.com\/avatar\/e4532b7f65738965bbad8697e5bd54c0628af7bffe8d3c856885c44d86978cee?s=96&d=mm&r=g","url":"https:\/\/secure.gravatar.com\/avatar\/e4532b7f65738965bbad8697e5bd54c0628af7bffe8d3c856885c44d86978cee?s=96&d=mm&r=g","height":96,"width":96}},"publisher":{"@type":"Organization","name":"kapeska.cz","logo":{"@type":"ImageObject","@id":"\/logo.png","url":"\/logo.png","width":600,"height":60}},"image":{"@type":"ImageObject","@id":"https:\/\/www.kapeska.cz\/wp-content\/uploads\/img_a319298_w2574_t1530201019.jpg","url":"https:\/\/www.kapeska.cz\/wp-content\/uploads\/img_a319298_w2574_t1530201019.jpg","height":0,"width":0},"wordCount":522,"keywords":null},{"@type":"Article","@id":"https:\/\/www.kapeska.cz\/pracovnelekarska-sluzba-neboli-pls-v-cr\/","headline":"Pracovn\u011bl\u00e9ka\u0159sk\u00e1 slu\u017eba neboli PLS v \u010cR","url":"https:\/\/www.kapeska.cz\/pracovnelekarska-sluzba-neboli-pls-v-cr\/","datePublished":"2025-03-06","dateModified":"2023-05-05","mainEntityOfPage":"https:\/\/www.kapeska.cz\/pracovnelekarska-sluzba-neboli-pls-v-cr\/","author":{"@type":"Person","@id":"https:\/\/www.kapeska.cz\/author\/devene\/#Person","name":"devene","url":"https:\/\/www.kapeska.cz\/author\/devene\/","identifier":1,"image":{"@type":"ImageObject","@id":"https:\/\/secure.gravatar.com\/avatar\/e4532b7f65738965bbad8697e5bd54c0628af7bffe8d3c856885c44d86978cee?s=96&d=mm&r=g","url":"https:\/\/secure.gravatar.com\/avatar\/e4532b7f65738965bbad8697e5bd54c0628af7bffe8d3c856885c44d86978cee?s=96&d=mm&r=g","height":96,"width":96}},"publisher":{"@type":"Organization","name":"kapeska.cz","logo":{"@type":"ImageObject","@id":"\/logo.png","url":"\/logo.png","width":600,"height":60}},"image":{"@type":"ImageObject","@id":"https:\/\/www.kapeska.cz\/wp-content\/uploads\/img_a294703_w2093_t1506519691.jpg","url":"https:\/\/www.kapeska.cz\/wp-content\/uploads\/img_a294703_w2093_t1506519691.jpg","height":0,"width":0},"wordCount":514,"keywords":null},{"@type":"Article","@id":"https:\/\/www.kapeska.cz\/rakytnik-resetlakovy-ker-s-plody-dobre-nalady\/","headline":"Rakytn\u00edk \u0158e\u0161etl\u00e1kov\u00fd &#8211; ke\u0159 s plody dobr\u00e9 n\u00e1lady","url":"https:\/\/www.kapeska.cz\/rakytnik-resetlakovy-ker-s-plody-dobre-nalady\/","datePublished":"2025-03-05","dateModified":"2023-05-05","mainEntityOfPage":"https:\/\/www.kapeska.cz\/rakytnik-resetlakovy-ker-s-plody-dobre-nalady\/","author":{"@type":"Person","@id":"https:\/\/www.kapeska.cz\/author\/devene\/#Person","name":"devene","url":"https:\/\/www.kapeska.cz\/author\/devene\/","identifier":1,"image":{"@type":"ImageObject","@id":"https:\/\/secure.gravatar.com\/avatar\/e4532b7f65738965bbad8697e5bd54c0628af7bffe8d3c856885c44d86978cee?s=96&d=mm&r=g","url":"https:\/\/secure.gravatar.com\/avatar\/e4532b7f65738965bbad8697e5bd54c0628af7bffe8d3c856885c44d86978cee?s=96&d=mm&r=g","height":96,"width":96}},"publisher":{"@type":"Organization","name":"kapeska.cz","logo":{"@type":"ImageObject","@id":"\/logo.png","url":"\/logo.png","width":600,"height":60}},"image":{"@type":"ImageObject","@id":"https:\/\/www.kapeska.cz\/wp-content\/uploads\/img_a294102_w2254_t1506019043.jpg","url":"https:\/\/www.kapeska.cz\/wp-content\/uploads\/img_a294102_w2254_t1506019043.jpg","height":0,"width":0},"wordCount":546,"keywords":null},{"@type":"Article","@id":"https:\/\/www.kapeska.cz\/vymahani-pohledavek\/","headline":"Vym\u00e1h\u00e1n\u00ed pohled\u00e1vek","url":"https:\/\/www.kapeska.cz\/vymahani-pohledavek\/","datePublished":"2025-03-05","dateModified":"2025-03-05","mainEntityOfPage":"https:\/\/www.kapeska.cz\/vymahani-pohledavek\/","author":{"@type":"Person","@id":"https:\/\/www.kapeska.cz\/author\/devene\/#Person","name":"devene","url":"https:\/\/www.kapeska.cz\/author\/devene\/","identifier":1,"image":{"@type":"ImageObject","@id":"https:\/\/secure.gravatar.com\/avatar\/e4532b7f65738965bbad8697e5bd54c0628af7bffe8d3c856885c44d86978cee?s=96&d=mm&r=g","url":"https:\/\/secure.gravatar.com\/avatar\/e4532b7f65738965bbad8697e5bd54c0628af7bffe8d3c856885c44d86978cee?s=96&d=mm&r=g","height":96,"width":96}},"publisher":{"@type":"Organization","name":"kapeska.cz","logo":{"@type":"ImageObject","@id":"\/logo.png","url":"\/logo.png","width":600,"height":60}},"image":null,"wordCount":238,"keywords":null},{"@type":"Article","@id":"https:\/\/www.kapeska.cz\/nedostatek-horciku\/","headline":"Nedostatek ho\u0159\u010d\u00edku","url":"https:\/\/www.kapeska.cz\/nedostatek-horciku\/","datePublished":"2025-03-04","dateModified":"2023-05-05","mainEntityOfPage":"https:\/\/www.kapeska.cz\/nedostatek-horciku\/","author":{"@type":"Person","@id":"https:\/\/www.kapeska.cz\/author\/devene\/#Person","name":"devene","url":"https:\/\/www.kapeska.cz\/author\/devene\/","identifier":1,"image":{"@type":"ImageObject","@id":"https:\/\/secure.gravatar.com\/avatar\/e4532b7f65738965bbad8697e5bd54c0628af7bffe8d3c856885c44d86978cee?s=96&d=mm&r=g","url":"https:\/\/secure.gravatar.com\/avatar\/e4532b7f65738965bbad8697e5bd54c0628af7bffe8d3c856885c44d86978cee?s=96&d=mm&r=g","height":96,"width":96}},"publisher":{"@type":"Organization","name":"kapeska.cz","logo":{"@type":"ImageObject","@id":"\/logo.png","url":"\/logo.png","width":600,"height":60}},"image":{"@type":"ImageObject","@id":"https:\/\/www.kapeska.cz\/wp-content\/uploads\/img_a327282_w2593_t1539527127.jpg","url":"https:\/\/www.kapeska.cz\/wp-content\/uploads\/img_a327282_w2593_t1539527127.jpg","height":0,"width":0},"wordCount":555,"keywords":null},{"@type":"Article","@id":"https:\/\/www.kapeska.cz\/udrzte-ve-svem-domove-cerstvy-vzduch\/","headline":"Udr\u017ete ve sv\u00e9m domov\u011b \u010derstv\u00fd vzduch","url":"https:\/\/www.kapeska.cz\/udrzte-ve-svem-domove-cerstvy-vzduch\/","datePublished":"2025-03-04","dateModified":"2023-05-05","mainEntityOfPage":"https:\/\/www.kapeska.cz\/udrzte-ve-svem-domove-cerstvy-vzduch\/","author":{"@type":"Person","@id":"https:\/\/www.kapeska.cz\/author\/devene\/#Person","name":"devene","url":"https:\/\/www.kapeska.cz\/author\/devene\/","identifier":1,"image":{"@type":"ImageObject","@id":"https:\/\/secure.gravatar.com\/avatar\/e4532b7f65738965bbad8697e5bd54c0628af7bffe8d3c856885c44d86978cee?s=96&d=mm&r=g","url":"https:\/\/secure.gravatar.com\/avatar\/e4532b7f65738965bbad8697e5bd54c0628af7bffe8d3c856885c44d86978cee?s=96&d=mm&r=g","height":96,"width":96}},"publisher":{"@type":"Organization","name":"kapeska.cz","logo":{"@type":"ImageObject","@id":"\/logo.png","url":"\/logo.png","width":600,"height":60}},"image":{"@type":"ImageObject","@id":"https:\/\/www.kapeska.cz\/wp-content\/uploads\/img_a289400_w2182_t1500880490.jpg","url":"https:\/\/www.kapeska.cz\/wp-content\/uploads\/img_a289400_w2182_t1500880490.jpg","height":0,"width":0},"wordCount":504,"keywords":null},{"@type":"Article","@id":"https:\/\/www.kapeska.cz\/je-libo-studenou-bilou-nebo-zapad-slunce\/","headline":"Je libo studenou b\u00edlou nebo z\u00e1pad slunce?","url":"https:\/\/www.kapeska.cz\/je-libo-studenou-bilou-nebo-zapad-slunce\/","datePublished":"2025-03-04","dateModified":"2023-05-05","mainEntityOfPage":"https:\/\/www.kapeska.cz\/je-libo-studenou-bilou-nebo-zapad-slunce\/","author":{"@type":"Person","@id":"https:\/\/www.kapeska.cz\/author\/devene\/#Person","name":"devene","url":"https:\/\/www.kapeska.cz\/author\/devene\/","identifier":1,"image":{"@type":"ImageObject","@id":"https:\/\/secure.gravatar.com\/avatar\/e4532b7f65738965bbad8697e5bd54c0628af7bffe8d3c856885c44d86978cee?s=96&d=mm&r=g","url":"https:\/\/secure.gravatar.com\/avatar\/e4532b7f65738965bbad8697e5bd54c0628af7bffe8d3c856885c44d86978cee?s=96&d=mm&r=g","height":96,"width":96}},"publisher":{"@type":"Organization","name":"kapeska.cz","logo":{"@type":"ImageObject","@id":"\/logo.png","url":"\/logo.png","width":600,"height":60}},"image":{"@type":"ImageObject","@id":"https:\/\/www.kapeska.cz\/wp-content\/uploads\/img_a307209_w2151_t1518596876.jpg","url":"https:\/\/www.kapeska.cz\/wp-content\/uploads\/img_a307209_w2151_t1518596876.jpg","height":0,"width":0},"wordCount":475,"keywords":null},{"@type":"Article","@id":"https:\/\/www.kapeska.cz\/zutulnete-si-domov-kvetinou\/","headline":"Z\u00daTULN\u011aTE SI DOMOV KV\u011aTINOU","url":"https:\/\/www.kapeska.cz\/zutulnete-si-domov-kvetinou\/","datePublished":"2025-03-04","dateModified":"2023-05-05","mainEntityOfPage":"https:\/\/www.kapeska.cz\/zutulnete-si-domov-kvetinou\/","author":{"@type":"Person","@id":"https:\/\/www.kapeska.cz\/author\/devene\/#Person","name":"devene","url":"https:\/\/www.kapeska.cz\/author\/devene\/","identifier":1,"image":{"@type":"ImageObject","@id":"https:\/\/secure.gravatar.com\/avatar\/e4532b7f65738965bbad8697e5bd54c0628af7bffe8d3c856885c44d86978cee?s=96&d=mm&r=g","url":"https:\/\/secure.gravatar.com\/avatar\/e4532b7f65738965bbad8697e5bd54c0628af7bffe8d3c856885c44d86978cee?s=96&d=mm&r=g","height":96,"width":96}},"publisher":{"@type":"Organization","name":"kapeska.cz","logo":{"@type":"ImageObject","@id":"\/logo.png","url":"\/logo.png","width":600,"height":60}},"image":{"@type":"ImageObject","@id":"https:\/\/www.kapeska.cz\/wp-content\/uploads\/img_a312030_w2216_t1523088734.png","url":"https:\/\/www.kapeska.cz\/wp-content\/uploads\/img_a312030_w2216_t1523088734.png","height":0,"width":0},"wordCount":796,"keywords":null},{"@type":"Article","@id":"https:\/\/www.kapeska.cz\/eko-prebalovani\/","headline":"EKO P\u0158EBALOV\u00c1N\u00cd","url":"https:\/\/www.kapeska.cz\/eko-prebalovani\/","datePublished":"2025-03-03","dateModified":"2023-05-05","mainEntityOfPage":"https:\/\/www.kapeska.cz\/eko-prebalovani\/","author":{"@type":"Person","@id":"https:\/\/www.kapeska.cz\/author\/devene\/#Person","name":"devene","url":"https:\/\/www.kapeska.cz\/author\/devene\/","identifier":1,"image":{"@type":"ImageObject","@id":"https:\/\/secure.gravatar.com\/avatar\/e4532b7f65738965bbad8697e5bd54c0628af7bffe8d3c856885c44d86978cee?s=96&d=mm&r=g","url":"https:\/\/secure.gravatar.com\/avatar\/e4532b7f65738965bbad8697e5bd54c0628af7bffe8d3c856885c44d86978cee?s=96&d=mm&r=g","height":96,"width":96}},"publisher":{"@type":"Organization","name":"kapeska.cz","logo":{"@type":"ImageObject","@id":"\/logo.png","url":"\/logo.png","width":600,"height":60}},"image":{"@type":"ImageObject","@id":"https:\/\/www.kapeska.cz\/wp-content\/uploads\/img_a301629_w2166_t1511714145.jpg","url":"https:\/\/www.kapeska.cz\/wp-content\/uploads\/img_a301629_w2166_t1511714145.jpg","height":0,"width":0},"wordCount":563,"keywords":null},{"@type":"Article","@id":"https:\/\/www.kapeska.cz\/dovolena-v-blanskem-lese\/","headline":"Dovolen\u00e1 v Blansk\u00e9m lese","url":"https:\/\/www.kapeska.cz\/dovolena-v-blanskem-lese\/","datePublished":"2025-03-03","dateModified":"2023-05-05","mainEntityOfPage":"https:\/\/www.kapeska.cz\/dovolena-v-blanskem-lese\/","author":{"@type":"Person","@id":"https:\/\/www.kapeska.cz\/author\/devene\/#Person","name":"devene","url":"https:\/\/www.kapeska.cz\/author\/devene\/","identifier":1,"image":{"@type":"ImageObject","@id":"https:\/\/secure.gravatar.com\/avatar\/e4532b7f65738965bbad8697e5bd54c0628af7bffe8d3c856885c44d86978cee?s=96&d=mm&r=g","url":"https:\/\/secure.gravatar.com\/avatar\/e4532b7f65738965bbad8697e5bd54c0628af7bffe8d3c856885c44d86978cee?s=96&d=mm&r=g","height":96,"width":96}},"publisher":{"@type":"Organization","name":"kapeska.cz","logo":{"@type":"ImageObject","@id":"\/logo.png","url":"\/logo.png","width":600,"height":60}},"image":{"@type":"ImageObject","@id":"https:\/\/www.kapeska.cz\/wp-content\/uploads\/img_a339088_w2255_t1552304549.jpg","url":"https:\/\/www.kapeska.cz\/wp-content\/uploads\/img_a339088_w2255_t1552304549.jpg","height":0,"width":0},"wordCount":577,"keywords":null}]},{"@context":"https:\/\/schema.org","@type":"WebSite","@id":"https:\/\/www.kapeska.cz\/#website","name":"Kapeska","url":"https:\/\/www.kapeska.cz","potentialAction":{"@type":"SearchAction","target":"https:\/\/www.kapeska.cz\/?s={search_term_string}","query-input":"required name=search_term_string"}}]