{"@context":"https:\/\/schema.org\/","@type":"CollectionPage","@id":"https:\/\/www.kapeska.cz\/nakupy\/#CollectionPage","headline":"N\u00e1kupy Category","description":"","url":"https:\/\/www.kapeska.cz\/nakupy\/","hasPart":[{"@type":"Article","@id":"https:\/\/www.kapeska.cz\/komfortni-automatizace-bran-a-garazovych-vrat\/","headline":"Komfortn\u00ed automatizace bran a gar\u00e1\u017eov\u00fdch vrat","url":"https:\/\/www.kapeska.cz\/komfortni-automatizace-bran-a-garazovych-vrat\/","datePublished":"2026-01-11","dateModified":"2026-01-11","mainEntityOfPage":"https:\/\/www.kapeska.cz\/komfortni-automatizace-bran-a-garazovych-vrat\/","author":{"@type":"Person","@id":"https:\/\/www.kapeska.cz\/author\/devene\/#Person","name":"devene","url":"https:\/\/www.kapeska.cz\/author\/devene\/","identifier":1,"image":{"@type":"ImageObject","@id":"https:\/\/secure.gravatar.com\/avatar\/e4532b7f65738965bbad8697e5bd54c0628af7bffe8d3c856885c44d86978cee?s=96&d=mm&r=g","url":"https:\/\/secure.gravatar.com\/avatar\/e4532b7f65738965bbad8697e5bd54c0628af7bffe8d3c856885c44d86978cee?s=96&d=mm&r=g","height":96,"width":96}},"publisher":{"@type":"Organization","name":"kapeska.cz","logo":{"@type":"ImageObject","@id":"\/logo.png","url":"\/logo.png","width":600,"height":60}},"image":{"@type":"ImageObject","@id":"https:\/\/www.kapeska.cz\/wp-content\/uploads\/wolfields-real-estate-475875_640_1.jpg","url":"https:\/\/www.kapeska.cz\/wp-content\/uploads\/wolfields-real-estate-475875_640_1.jpg","height":0,"width":0},"keywords":null},{"@type":"Article","@id":"https:\/\/www.kapeska.cz\/vymena-kotle-se-vam-vyplati\/","headline":"V\u00fdm\u011bna kotle se v\u00e1m vyplat\u00ed","url":"https:\/\/www.kapeska.cz\/vymena-kotle-se-vam-vyplati\/","datePublished":"2026-01-11","dateModified":"2026-01-11","mainEntityOfPage":"https:\/\/www.kapeska.cz\/vymena-kotle-se-vam-vyplati\/","author":{"@type":"Person","@id":"https:\/\/www.kapeska.cz\/author\/devene\/#Person","name":"devene","url":"https:\/\/www.kapeska.cz\/author\/devene\/","identifier":1,"image":{"@type":"ImageObject","@id":"https:\/\/secure.gravatar.com\/avatar\/e4532b7f65738965bbad8697e5bd54c0628af7bffe8d3c856885c44d86978cee?s=96&d=mm&r=g","url":"https:\/\/secure.gravatar.com\/avatar\/e4532b7f65738965bbad8697e5bd54c0628af7bffe8d3c856885c44d86978cee?s=96&d=mm&r=g","height":96,"width":96}},"publisher":{"@type":"Organization","name":"kapeska.cz","logo":{"@type":"ImageObject","@id":"\/logo.png","url":"\/logo.png","width":600,"height":60}},"image":{"@type":"ImageObject","@id":"https:\/\/www.kapeska.cz\/wp-content\/uploads\/lernestorod-feed-2615928_640.jpg","url":"https:\/\/www.kapeska.cz\/wp-content\/uploads\/lernestorod-feed-2615928_640.jpg","height":0,"width":0},"keywords":null},{"@type":"Article","@id":"https:\/\/www.kapeska.cz\/je-mozne-projektovani-fotovoltaickych-elektraren-pro-kazdeho\/","headline":"Je mo\u017en\u00e9 projektov\u00e1n\u00ed fotovoltaick\u00fdch elektr\u00e1ren pro ka\u017ed\u00e9ho?","url":"https:\/\/www.kapeska.cz\/je-mozne-projektovani-fotovoltaickych-elektraren-pro-kazdeho\/","datePublished":"2025-12-28","dateModified":"2025-12-28","mainEntityOfPage":"https:\/\/www.kapeska.cz\/je-mozne-projektovani-fotovoltaickych-elektraren-pro-kazdeho\/","author":{"@type":"Person","@id":"https:\/\/www.kapeska.cz\/author\/devene\/#Person","name":"devene","url":"https:\/\/www.kapeska.cz\/author\/devene\/","identifier":1,"image":{"@type":"ImageObject","@id":"https:\/\/secure.gravatar.com\/avatar\/e4532b7f65738965bbad8697e5bd54c0628af7bffe8d3c856885c44d86978cee?s=96&d=mm&r=g","url":"https:\/\/secure.gravatar.com\/avatar\/e4532b7f65738965bbad8697e5bd54c0628af7bffe8d3c856885c44d86978cee?s=96&d=mm&r=g","height":96,"width":96}},"publisher":{"@type":"Organization","name":"kapeska.cz","logo":{"@type":"ImageObject","@id":"\/logo.png","url":"\/logo.png","width":600,"height":60}},"image":{"@type":"ImageObject","@id":"https:\/\/www.kapeska.cz\/wp-content\/uploads\/fotovoltaika4_10_3.jpg","url":"https:\/\/www.kapeska.cz\/wp-content\/uploads\/fotovoltaika4_10_3.jpg","height":0,"width":0},"keywords":null},{"@type":"Article","@id":"https:\/\/www.kapeska.cz\/nebojte-se-vodni-dymky\/","headline":"Nebojte se vodn\u00ed d\u00fdmky","url":"https:\/\/www.kapeska.cz\/nebojte-se-vodni-dymky\/","datePublished":"2025-11-11","dateModified":"2025-11-11","mainEntityOfPage":"https:\/\/www.kapeska.cz\/nebojte-se-vodni-dymky\/","author":{"@type":"Person","@id":"https:\/\/www.kapeska.cz\/author\/devene\/#Person","name":"devene","url":"https:\/\/www.kapeska.cz\/author\/devene\/","identifier":1,"image":{"@type":"ImageObject","@id":"https:\/\/secure.gravatar.com\/avatar\/e4532b7f65738965bbad8697e5bd54c0628af7bffe8d3c856885c44d86978cee?s=96&d=mm&r=g","url":"https:\/\/secure.gravatar.com\/avatar\/e4532b7f65738965bbad8697e5bd54c0628af7bffe8d3c856885c44d86978cee?s=96&d=mm&r=g","height":96,"width":96}},"publisher":{"@type":"Organization","name":"kapeska.cz","logo":{"@type":"ImageObject","@id":"\/logo.png","url":"\/logo.png","width":600,"height":60}},"image":{"@type":"ImageObject","@id":"https:\/\/www.kapeska.cz\/wp-content\/uploads\/people-5144660_640_10_6.jpg","url":"https:\/\/www.kapeska.cz\/wp-content\/uploads\/people-5144660_640_10_6.jpg","height":0,"width":0},"keywords":null},{"@type":"Article","@id":"https:\/\/www.kapeska.cz\/jak-pecovat-o-nase-klouby\/","headline":"Jak pe\u010dovat o na\u0161e klouby?","url":"https:\/\/www.kapeska.cz\/jak-pecovat-o-nase-klouby\/","datePublished":"2025-10-19","dateModified":"2025-10-19","mainEntityOfPage":"https:\/\/www.kapeska.cz\/jak-pecovat-o-nase-klouby\/","author":{"@type":"Person","@id":"https:\/\/www.kapeska.cz\/author\/devene\/#Person","name":"devene","url":"https:\/\/www.kapeska.cz\/author\/devene\/","identifier":1,"image":{"@type":"ImageObject","@id":"https:\/\/secure.gravatar.com\/avatar\/e4532b7f65738965bbad8697e5bd54c0628af7bffe8d3c856885c44d86978cee?s=96&d=mm&r=g","url":"https:\/\/secure.gravatar.com\/avatar\/e4532b7f65738965bbad8697e5bd54c0628af7bffe8d3c856885c44d86978cee?s=96&d=mm&r=g","height":96,"width":96}},"publisher":{"@type":"Organization","name":"kapeska.cz","logo":{"@type":"ImageObject","@id":"\/logo.png","url":"\/logo.png","width":600,"height":60}},"image":{"@type":"ImageObject","@id":"https:\/\/www.kapeska.cz\/wp-content\/uploads\/imani-bahati-L1kLSwdclYQ-unsplash_2.jpg","url":"https:\/\/www.kapeska.cz\/wp-content\/uploads\/imani-bahati-L1kLSwdclYQ-unsplash_2.jpg","height":0,"width":0},"keywords":null},{"@type":"Article","@id":"https:\/\/www.kapeska.cz\/cim-se-lisi-moderni-vestavene-skrine-od-tech-minulych\/","headline":"\u010c\u00edm se li\u0161\u00ed modern\u00ed vestav\u011bn\u00e9 sk\u0159\u00edn\u011b od t\u011bch minul\u00fdch?","url":"https:\/\/www.kapeska.cz\/cim-se-lisi-moderni-vestavene-skrine-od-tech-minulych\/","datePublished":"2025-09-03","dateModified":"2025-09-03","mainEntityOfPage":"https:\/\/www.kapeska.cz\/cim-se-lisi-moderni-vestavene-skrine-od-tech-minulych\/","author":{"@type":"Person","@id":"https:\/\/www.kapeska.cz\/author\/devene\/#Person","name":"devene","url":"https:\/\/www.kapeska.cz\/author\/devene\/","identifier":1,"image":{"@type":"ImageObject","@id":"https:\/\/secure.gravatar.com\/avatar\/e4532b7f65738965bbad8697e5bd54c0628af7bffe8d3c856885c44d86978cee?s=96&d=mm&r=g","url":"https:\/\/secure.gravatar.com\/avatar\/e4532b7f65738965bbad8697e5bd54c0628af7bffe8d3c856885c44d86978cee?s=96&d=mm&r=g","height":96,"width":96}},"publisher":{"@type":"Organization","name":"kapeska.cz","logo":{"@type":"ImageObject","@id":"\/logo.png","url":"\/logo.png","width":600,"height":60}},"image":{"@type":"ImageObject","@id":"https:\/\/www.kapeska.cz\/wp-content\/uploads\/skrin2_5.jpg","url":"https:\/\/www.kapeska.cz\/wp-content\/uploads\/skrin2_5.jpg","height":0,"width":0},"keywords":null},{"@type":"Article","@id":"https:\/\/www.kapeska.cz\/bez-ozubenych-kol-by-vypadal-svet-jinak\/","headline":"Bez ozuben\u00fdch kol by vypadal sv\u011bt jinak","url":"https:\/\/www.kapeska.cz\/bez-ozubenych-kol-by-vypadal-svet-jinak\/","datePublished":"2025-07-06","dateModified":"2025-07-06","mainEntityOfPage":"https:\/\/www.kapeska.cz\/bez-ozubenych-kol-by-vypadal-svet-jinak\/","author":{"@type":"Person","@id":"https:\/\/www.kapeska.cz\/author\/devene\/#Person","name":"devene","url":"https:\/\/www.kapeska.cz\/author\/devene\/","identifier":1,"image":{"@type":"ImageObject","@id":"https:\/\/secure.gravatar.com\/avatar\/e4532b7f65738965bbad8697e5bd54c0628af7bffe8d3c856885c44d86978cee?s=96&d=mm&r=g","url":"https:\/\/secure.gravatar.com\/avatar\/e4532b7f65738965bbad8697e5bd54c0628af7bffe8d3c856885c44d86978cee?s=96&d=mm&r=g","height":96,"width":96}},"publisher":{"@type":"Organization","name":"kapeska.cz","logo":{"@type":"ImageObject","@id":"\/logo.png","url":"\/logo.png","width":600,"height":60}},"image":{"@type":"ImageObject","@id":"https:\/\/www.kapeska.cz\/wp-content\/uploads\/gear-3164897_640_1.jpg","url":"https:\/\/www.kapeska.cz\/wp-content\/uploads\/gear-3164897_640_1.jpg","height":0,"width":0},"keywords":null},{"@type":"Article","@id":"https:\/\/www.kapeska.cz\/i-deti-potrebuji-kvalitu\/","headline":"I d\u011bti pot\u0159ebuj\u00ed kvalitu","url":"https:\/\/www.kapeska.cz\/i-deti-potrebuji-kvalitu\/","datePublished":"2025-06-01","dateModified":"2025-06-01","mainEntityOfPage":"https:\/\/www.kapeska.cz\/i-deti-potrebuji-kvalitu\/","author":{"@type":"Person","@id":"https:\/\/www.kapeska.cz\/author\/devene\/#Person","name":"devene","url":"https:\/\/www.kapeska.cz\/author\/devene\/","identifier":1,"image":{"@type":"ImageObject","@id":"https:\/\/secure.gravatar.com\/avatar\/e4532b7f65738965bbad8697e5bd54c0628af7bffe8d3c856885c44d86978cee?s=96&d=mm&r=g","url":"https:\/\/secure.gravatar.com\/avatar\/e4532b7f65738965bbad8697e5bd54c0628af7bffe8d3c856885c44d86978cee?s=96&d=mm&r=g","height":96,"width":96}},"publisher":{"@type":"Organization","name":"kapeska.cz","logo":{"@type":"ImageObject","@id":"\/logo.png","url":"\/logo.png","width":600,"height":60}},"image":{"@type":"ImageObject","@id":"https:\/\/www.kapeska.cz\/wp-content\/uploads\/pexels-cottonbro-6985726.jpg","url":"https:\/\/www.kapeska.cz\/wp-content\/uploads\/pexels-cottonbro-6985726.jpg","height":0,"width":0},"keywords":null},{"@type":"Article","@id":"https:\/\/www.kapeska.cz\/subminimal-subscale-dokonala-digitalni-vaha-pro-presne-vazeni-kavy\/","headline":"Subminimal Subscale: Dokonal\u00e1 digit\u00e1ln\u00ed v\u00e1ha pro p\u0159esn\u00e9 v\u00e1\u017een\u00ed k\u00e1vy","url":"https:\/\/www.kapeska.cz\/subminimal-subscale-dokonala-digitalni-vaha-pro-presne-vazeni-kavy\/","datePublished":"2025-01-22","dateModified":"2025-01-22","mainEntityOfPage":"https:\/\/www.kapeska.cz\/subminimal-subscale-dokonala-digitalni-vaha-pro-presne-vazeni-kavy\/","author":{"@type":"Person","@id":"https:\/\/www.kapeska.cz\/author\/devene\/#Person","name":"devene","url":"https:\/\/www.kapeska.cz\/author\/devene\/","identifier":1,"image":{"@type":"ImageObject","@id":"https:\/\/secure.gravatar.com\/avatar\/e4532b7f65738965bbad8697e5bd54c0628af7bffe8d3c856885c44d86978cee?s=96&d=mm&r=g","url":"https:\/\/secure.gravatar.com\/avatar\/e4532b7f65738965bbad8697e5bd54c0628af7bffe8d3c856885c44d86978cee?s=96&d=mm&r=g","height":96,"width":96}},"publisher":{"@type":"Organization","name":"kapeska.cz","logo":{"@type":"ImageObject","@id":"\/logo.png","url":"\/logo.png","width":600,"height":60}},"image":null,"keywords":null},{"@type":"Article","@id":"https:\/\/www.kapeska.cz\/korkova-podlozka-ekologicke-a-prakticke-reseni-pro-kazdy-domov\/","headline":"Korkov\u00e1 podlo\u017eka \u2013 ekologick\u00e9 a praktick\u00e9 \u0159e\u0161en\u00ed pro ka\u017ed\u00fd domov","url":"https:\/\/www.kapeska.cz\/korkova-podlozka-ekologicke-a-prakticke-reseni-pro-kazdy-domov\/","datePublished":"2024-10-11","dateModified":"2024-10-11","mainEntityOfPage":"https:\/\/www.kapeska.cz\/korkova-podlozka-ekologicke-a-prakticke-reseni-pro-kazdy-domov\/","author":{"@type":"Person","@id":"https:\/\/www.kapeska.cz\/author\/devene\/#Person","name":"devene","url":"https:\/\/www.kapeska.cz\/author\/devene\/","identifier":1,"image":{"@type":"ImageObject","@id":"https:\/\/secure.gravatar.com\/avatar\/e4532b7f65738965bbad8697e5bd54c0628af7bffe8d3c856885c44d86978cee?s=96&d=mm&r=g","url":"https:\/\/secure.gravatar.com\/avatar\/e4532b7f65738965bbad8697e5bd54c0628af7bffe8d3c856885c44d86978cee?s=96&d=mm&r=g","height":96,"width":96}},"publisher":{"@type":"Organization","name":"kapeska.cz","logo":{"@type":"ImageObject","@id":"\/logo.png","url":"\/logo.png","width":600,"height":60}},"image":{"@type":"ImageObject","@id":"https:\/\/www.kapeska.cz\/wp-content\/uploads\/podlaha_NECZ50.jpg","url":"https:\/\/www.kapeska.cz\/wp-content\/uploads\/podlaha_NECZ50.jpg","height":0,"width":0},"keywords":null}]}