[{"@context":"https:\/\/schema.org\/","@type":"Article","@id":"https:\/\/www.kapeska.cz\/je-mozne-projektovani-fotovoltaickych-elektraren-pro-kazdeho\/#Article","mainEntityOfPage":"https:\/\/www.kapeska.cz\/je-mozne-projektovani-fotovoltaickych-elektraren-pro-kazdeho\/","headline":"Je mo\u017en\u00e9 projektov\u00e1n\u00ed fotovoltaick\u00fdch elektr\u00e1ren pro ka\u017ed\u00e9ho?","name":"Je mo\u017en\u00e9 projektov\u00e1n\u00ed fotovoltaick\u00fdch elektr\u00e1ren pro ka\u017ed\u00e9ho?","description":"V posledn\u00ed dob\u011b se sol\u00e1rn\u00ed elektr\u00e1rny st\u00e1vaj\u00ed \u010d\u00edm d\u00e1l popul\u00e1rn\u011bj\u0161\u00ed. Lid\u00e9 v nich vid\u00ed p\u0159edev\u0161\u00edm mo\u017enost, jak u\u0161et\u0159it pen\u00edze a jak neb\u00fdt z\u00e1visl\u00fdm na komer\u010dn\u00edch&hellip; ","datePublished":"2025-12-28","dateModified":"2025-12-28","author":{"@type":"Person","@id":"https:\/\/www.kapeska.cz\/author\/devene\/#Person","name":"devene","url":"https:\/\/www.kapeska.cz\/author\/devene\/","identifier":1,"image":{"@type":"ImageObject","@id":"https:\/\/secure.gravatar.com\/avatar\/e4532b7f65738965bbad8697e5bd54c0628af7bffe8d3c856885c44d86978cee?s=96&d=mm&r=g","url":"https:\/\/secure.gravatar.com\/avatar\/e4532b7f65738965bbad8697e5bd54c0628af7bffe8d3c856885c44d86978cee?s=96&d=mm&r=g","height":96,"width":96}},"publisher":{"@type":"Organization","name":"kapeska.cz","logo":{"@type":"ImageObject","@id":"\/logo.png","url":"\/logo.png","width":600,"height":60}},"image":{"@type":"ImageObject","@id":"https:\/\/www.kapeska.cz\/wp-content\/uploads\/fotovoltaika4_10_3.jpg","url":"https:\/\/www.kapeska.cz\/wp-content\/uploads\/fotovoltaika4_10_3.jpg","height":0,"width":0},"url":"https:\/\/www.kapeska.cz\/je-mozne-projektovani-fotovoltaickych-elektraren-pro-kazdeho\/","about":["N\u00e1kupy"],"wordCount":428,"articleBody":"       V posledn\u00ed dob\u011b se sol\u00e1rn\u00ed elektr\u00e1rny st\u00e1vaj\u00ed \u010d\u00edm d\u00e1l popul\u00e1rn\u011bj\u0161\u00ed. Lid\u00e9 v nich vid\u00ed p\u0159edev\u0161\u00edm mo\u017enost, jak u\u0161et\u0159it pen\u00edze a jak neb\u00fdt z\u00e1visl\u00fdm na komer\u010dn\u00edch poskytovatel\u00edch. Je v\u0161ak ot\u00e1zkou, zda jsou tyto skute\u010dn\u011b pro ka\u017ed\u00e9ho. V\u011bt\u0161inou je m\u00e1me spojeny s rodinn\u00fdmi domy, ale co nap\u0159\u00edklad lid\u00e9, kte\u0159\u00ed bydl\u00ed v panel\u00e1ku? Maj\u00ed i ti mo\u017enost projektov\u00e1n\u00ed fotovoltaick\u00fdch elektr\u00e1ren https:\/\/projekty-fotovoltaika.cz\/, nebo pro n\u011b nen\u00ed tato mo\u017enost vhodn\u00e1?D\u0159\u00edve tomu tak skute\u010dn\u011b bylo, ov\u0161em s t\u00edm, jak se technologie neust\u00e1le vylep\u0161uj\u00ed, se nab\u00edz\u00ed i nov\u00e9 mo\u017enosti. Ukazuje se, \u017ee i v byt\u011b m\u016f\u017eeme vyu\u017e\u00edvat energii Slunce k tomu, abychom m\u011bli zdarma elekt\u0159inu. Ale jak?Hlavn\u00ed p\u0159ek\u00e1\u017ekou byl v tomto p\u0159\u00edpad\u011b t\u00e9m\u011b\u0159 v\u017edy nedostatek prostoru, na kter\u00fd bylo mo\u017en\u00e9 sol\u00e1rn\u00ed panely um\u00edstit. Dnes v\u0161ak ji\u017e m\u00e1me mo\u017enosti, kter\u00e9 d\u0159\u00edve k dispozici nebyly. Nap\u0159\u00edklad je mo\u017en\u00e9 jimi pokr\u00fdt balk\u00f3n, nebo i st\u011bnu, samoz\u0159ejm\u011b za p\u0159edpokladu, \u017ee to spole\u010denstv\u00ed vlastn\u00edk\u016f jednotek \u010di jin\u00e1 organizace, kter\u00e1 dan\u00fd d\u016fm spravuje, povol\u00ed.Jist\u011b, je pravdou, \u017ee z\u00e1le\u017e\u00ed na tom, jak je dan\u00fd byt orientov\u00e1n. Pokud je nam\u00ed\u0159en na jih, pak to m\u016f\u017ee b\u00fdt pom\u011brn\u011b efektivn\u00ed zp\u016fsob, jak u\u0161et\u0159it za elekt\u0159inu. Nesm\u00edme toti\u017e zapomenout, \u017ee byt, zvl\u00e1\u0161t\u011b ten mal\u00fd, j\u00ed nespot\u0159ebuje ani zdaleka tolik, jako rodinn\u00fd d\u016fm. Men\u0161\u00ed plocha, na kter\u00e9 jsou um\u00edst\u011bny panely, tedy nen\u00ed a\u017e takov\u00fdm probl\u00e9mem.Samoz\u0159ejm\u011b je pot\u0159eba vz\u00edt v \u00favahu nejen orientaci, ale tak\u00e9 to, v jak\u00e9m pat\u0159e se nach\u00e1z\u00ed a jak\u00e9 je jeho okol\u00ed. Pokud se jedn\u00e1 o byt v p\u0159\u00edzem\u00ed, nav\u00edc na s\u00eddli\u0161ti, kde je obklopen ze v\u0161ech stran dal\u0161\u00edmi panel\u00e1ky, pak z panel\u016f p\u0159\u00edli\u0161 elektrick\u00e9 energie nez\u00edsk\u00e1me. Jist\u011b, technologie v posledn\u00ed dob\u011b ud\u011blaly velk\u00fd krok dop\u0159edu, av\u0161ak v t\u00e9to oblasti m\u00e1me st\u00e1le je\u0161t\u011b co zlep\u0161ovat.Ukazuje se toti\u017e, \u017ee sol\u00e1rn\u00ed elektr\u00e1rny st\u00e1le je\u0161t\u011b nejsou ani zdaleka vhodn\u00e9 pro ka\u017ed\u00e9ho. Je pot\u0159eba po\u010dkat, a\u017e se technologie je\u0161t\u011b zlep\u0161\u00ed, ne\u017e se tento syst\u00e9m stane skute\u010dn\u011b \u0161iroce pou\u017e\u00edvan\u00fdm.                                                                                                                                                                                                                                                                                                                                                                                                  "},{"@context":"https:\/\/schema.org\/","@type":"BreadcrumbList","itemListElement":[{"@type":"ListItem","position":1,"name":"Je mo\u017en\u00e9 projektov\u00e1n\u00ed fotovoltaick\u00fdch elektr\u00e1ren pro ka\u017ed\u00e9ho?","item":"https:\/\/www.kapeska.cz\/je-mozne-projektovani-fotovoltaickych-elektraren-pro-kazdeho\/#breadcrumbitem"}]}]